{"id":335,"date":"2025-02-17T19:17:44","date_gmt":"2025-02-17T19:17:44","guid":{"rendered":"https:\/\/kdtiberica.com\/?p=335"},"modified":"2025-02-21T18:07:49","modified_gmt":"2025-02-21T18:07:49","slug":"kdt-iberica-le-debut-dune-nouvelle-ere","status":"publish","type":"post","link":"https:\/\/kdtiberica.com\/fr\/kdt-iberica-le-debut-dune-nouvelle-ere\/","title":{"rendered":"KDT Ib\u00e9rica : Le d\u00e9but d'une nouvelle \u00e8re"},"content":{"rendered":"<h3 class=\"wp-block-heading\">Nouvelle soci\u00e9t\u00e9 du groupe commercial CECILIO<\/h3>\n\n\n\n<p>Lors du salon FIMMA + Maderalia, qui s'est tenu r\u00e9cemment \u00e0 Valence, l'une des annonces les plus marquantes a \u00e9t\u00e9 celle de l'introduction d'un nouveau syst\u00e8me de gestion de l'eau.&nbsp;<strong>pr\u00e9sentation de&nbsp;<a href=\"https:\/\/kdtiberica.com\/\">KDT Ib\u00e9rica<\/a><\/strong>les&nbsp;<strong>nouvelle soci\u00e9t\u00e9 du groupe commercial Cecilio<\/strong>. Cette r\u00e9v\u00e9lation a suscit\u00e9 beaucoup d'enthousiasme dans le secteur.<\/p>\n\n\n\n<p><strong>Qu'est-ce que KDT Ib\u00e9rica ?<\/strong><\/p>\n\n\n\n<p><em>\"KDT Ib\u00e9rica repr\u00e9sente le fruit de nombreuses ann\u00e9es d'efforts et de d\u00e9vouement, consolid\u00e9 gr\u00e2ce \u00e0 la confiance accord\u00e9e \u00e0 nos machines par des milliers de clients en Espagne et au Portugal\".<\/em>. Sur un march\u00e9 initialement r\u00e9ticent aux machines asiatiques, le groupe d'entreprises C. Cecilio a r\u00e9ussi \u00e0 introduire avec succ\u00e8s la marque KDT. Il l'a fait \u00e0 travers une vari\u00e9t\u00e9 de mod\u00e8les et de types de machines, tous homologu\u00e9s CE, ce qui a apport\u00e9 s\u00e9curit\u00e9 et confiance \u00e0 ses clients. Avec des prix comp\u00e9titifs et sans compromis sur la qualit\u00e9, KDT a cherch\u00e9 \u00e0 offrir la meilleure solution aux menuisiers et aux grands fabricants de meubles, en suivant le slogan suivant&nbsp;<em>\"Qualit\u00e9 sup\u00e9rieure, prix abordable pour le client\".<\/em><\/p>\n\n\n\n<p>Aujourd'hui, selon C. Cecilio,&nbsp;<em>\"KDT n'est pas seulement une excellente usine de machines. C'est la plus grande usine au monde pour la production enti\u00e8rement automatis\u00e9e de ses machines, de la conception \u00e0 l'ing\u00e9nierie en passant par tous les d\u00e9tails techniques. Tout est d\u00e9velopp\u00e9 par l'\u00e9quipe de KDT, qui d\u00e9tient de nombreux brevets et est largement reconnue pour son innovation permanente\".<\/em><\/p>\n\n\n\n<figure class=\"wp-block-image\"><img decoding=\"async\" src=\"https:\/\/kdtiberica.com\/sites\/default\/files\/inline-images\/KDT_Sede-central-y-fabrica-de-CNC-920x518.png\" alt=\"kdt iberica\"\/><\/figure>\n\n\n\n<p><em>\"Gr\u00e2ce \u00e0 ce parcours difficile, KDT s'est positionn\u00e9e comme synonyme de qualit\u00e9, d'excellence, de garantie et de s\u00e9curit\u00e9. Elle est leader dans le secteur des machines industrielles pour la fabrication de meubles\".<\/em>&nbsp;Ci-dessous, nous interrogeons les responsables de Comercial Cecilio sur cette importante avanc\u00e9e, pr\u00e9sent\u00e9e et officialis\u00e9e lors de FIMMA + Maderalia 2024 :<\/p>\n\n\n\n<p><strong>Pourquoi maintenant ?<\/strong><\/p>\n\n\n\n<p>En 2024 est n\u00e9e KDT Ib\u00e9rica, l'entreprise associ\u00e9e au grand groupe KDT, sp\u00e9cialis\u00e9e dans les machines pour l'industrie du meuble. Cette pr\u00e9sentation intervient \u00e0 un moment de confiance maximale, o\u00f9 la r\u00e9sistance, la pr\u00e9cision et la capacit\u00e9 de production des machines KDT ont \u00e9t\u00e9 indiscutablement prouv\u00e9es, garantissant des finitions parfaites.<\/p>\n\n\n\n<p>KDT Ib\u00e9rica a \u00e9t\u00e9 cr\u00e9\u00e9e pour poursuivre la voie de l'innovation et de l'am\u00e9lioration, en optimisant les usines et les processus de production, en modernisant et en facilitant l'acc\u00e8s de toutes les entreprises \u00e0 la nouvelle \u00e8re de l'industrie 4.0.<\/p>\n\n\n\n<p><strong>Engagement et avenir<\/strong><\/p>\n\n\n\n<p>Lever le rideau et montrer la force et l'engagement de l'\u00e9quipe KDT a \u00e9t\u00e9 passionnant. Chaque jour, nous continuons \u00e0 nous efforcer d'apporter la meilleure r\u00e9ponse \u00e0 tous les d\u00e9fis qui se pr\u00e9sentent \u00e0 nous. Notre objectif est clair : aider les entreprises \u00e0 produire plus efficacement, \u00e0 \u00e9conomiser du temps et de l'argent et \u00e0 maximiser le potentiel de leurs ressources, en s'adaptant toujours \u00e0 leurs besoins sp\u00e9cifiques.<\/p>\n\n\n\n<p>KDT Ib\u00e9rica est le partenaire id\u00e9al pour toutes les entreprises qui cherchent \u00e0 am\u00e9liorer et \u00e0 optimiser leur production dans le secteur de l'ameublement, en garantissant toujours une qualit\u00e9 et une efficacit\u00e9 maximales.<\/p>\n\n\n\n<figure class=\"wp-block-embed is-type-video is-provider-youtube wp-block-embed-youtube wp-embed-aspect-16-9 wp-has-aspect-ratio\"><div class=\"wp-block-embed__wrapper\">\n<iframe title=\"Teaser KDT pr\u00e9sentation\" width=\"800\" height=\"450\" src=\"https:\/\/www.youtube.com\/embed\/OY-tpkMVUN0?feature=oembed\" frameborder=\"0\" allow=\"accelerometer; autoplay; clipboard-write; encrypted-media; gyroscope; picture-in-picture; web-share\" referrerpolicy=\"strict-origin-when-cross-origin\" allowfullscreen><\/iframe>\n<\/div><\/figure>\n\n\n\n<h5 class=\"wp-block-heading\">Source : https:\/\/madera-sostenible.com\/<br><strong>Auteur : Juanma Miranda<\/strong><\/h5>","protected":false},"excerpt":{"rendered":"<p>Lors du salon FIMMA + Maderalia, qui s'est tenu r\u00e9cemment \u00e0 Valence, l'une des annonces les plus marquantes a \u00e9t\u00e9 la pr\u00e9sentation de KDT Ib\u00e9rica, la nouvelle soci\u00e9t\u00e9 du groupe commercial Cecilio. Cette r\u00e9v\u00e9lation a suscit\u00e9 un grand int\u00e9r\u00eat dans le secteur.<\/p>","protected":false},"author":1,"featured_media":3637,"comment_status":"open","ping_status":"open","sticky":false,"template":"","format":"standard","meta":{"_acf_changed":false,"footnotes":""},"categories":[1],"tags":[],"class_list":["post-335","post","type-post","status-publish","format-standard","has-post-thumbnail","hentry","category-noticia"],"acf":[],"_links":{"self":[{"href":"https:\/\/kdtiberica.com\/fr\/wp-json\/wp\/v2\/posts\/335","targetHints":{"allow":["GET"]}}],"collection":[{"href":"https:\/\/kdtiberica.com\/fr\/wp-json\/wp\/v2\/posts"}],"about":[{"href":"https:\/\/kdtiberica.com\/fr\/wp-json\/wp\/v2\/types\/post"}],"author":[{"embeddable":true,"href":"https:\/\/kdtiberica.com\/fr\/wp-json\/wp\/v2\/users\/1"}],"replies":[{"embeddable":true,"href":"https:\/\/kdtiberica.com\/fr\/wp-json\/wp\/v2\/comments?post=335"}],"version-history":[{"count":2,"href":"https:\/\/kdtiberica.com\/fr\/wp-json\/wp\/v2\/posts\/335\/revisions"}],"predecessor-version":[{"id":367,"href":"https:\/\/kdtiberica.com\/fr\/wp-json\/wp\/v2\/posts\/335\/revisions\/367"}],"wp:featuredmedia":[{"embeddable":true,"href":"https:\/\/kdtiberica.com\/fr\/wp-json\/wp\/v2\/media\/3637"}],"wp:attachment":[{"href":"https:\/\/kdtiberica.com\/fr\/wp-json\/wp\/v2\/media?parent=335"}],"wp:term":[{"taxonomy":"category","embeddable":true,"href":"https:\/\/kdtiberica.com\/fr\/wp-json\/wp\/v2\/categories?post=335"},{"taxonomy":"post_tag","embeddable":true,"href":"https:\/\/kdtiberica.com\/fr\/wp-json\/wp\/v2\/tags?post=335"}],"curies":[{"name":"wp","href":"https:\/\/api.w.org\/{rel}","templated":true}]}}