{"id":4231,"date":"2025-02-24T11:59:17","date_gmt":"2025-02-24T11:59:17","guid":{"rendered":"https:\/\/kdtiberica.com\/?p=4231"},"modified":"2025-02-24T12:15:08","modified_gmt":"2025-02-24T12:15:08","slug":"fimap-exponor-2024","status":"publish","type":"post","link":"https:\/\/kdtiberica.com\/fr\/fimap-exponor-2024\/","title":{"rendered":"FIMAP EXPONOR 2024"},"content":{"rendered":"<p>Une ann\u00e9e de plus et depuis 2003, Cecilio est pr\u00e9sent sans interruption \u00e0 la foire FIMAP EXPONOR de Porto, au Portugal.<\/p>\n\n\n\n<p>\u00c0 cette occasion, comme lors de la derni\u00e8re \u00e9dition de MADERALIA 2024 \u00e0 Valence, nous avons pr\u00e9sent\u00e9 notre ligne de machines KDT, sp\u00e9cialis\u00e9es dans le secteur de l'ameublement, en tant que membres du groupe KDT. Un \u00e9chantillon des mod\u00e8les les plus vendus et quelques nouveaut\u00e9s de la prestigieuse usine de machines \u00e0 bois KDT, aujourd'hui num\u00e9ro 1 mondial.<\/p>\n\n\n\n<p>Avec un stand de 500 m\u00b2 et plus de 30 machines expos\u00e9es, l'affluence pendant les trois jours de l'\u00e9v\u00e9nement a \u00e9t\u00e9 magnifique et les produits KDT ont \u00e9t\u00e9 propos\u00e9s \u00e0 des clients de tout le Portugal, de l'Angola et du nord de l'Espagne.<\/p>\n\n\n\n<p>Notre \u00e9quipe officielle de vente et de service au Portugal a r\u00e9pondu \u00e0 toutes les attentes de nos visiteurs concernant les machines KDT.<\/p>\n\n\n\n<p>Passons \u00e0 autre chose !<\/p>\n\n\n\n<figure class=\"wp-block-embed is-type-video is-provider-youtube wp-block-embed-youtube wp-embed-aspect-16-9 wp-has-aspect-ratio\" style=\"margin-top:0;margin-right:0;margin-bottom:0;margin-left:0\"><div class=\"wp-block-embed__wrapper\">\n<iframe title=\"FIMAP 2024\" width=\"800\" height=\"450\" src=\"https:\/\/www.youtube.com\/embed\/PLvayhAhzHs?feature=oembed\" frameborder=\"0\" allow=\"accelerometer; autoplay; clipboard-write; encrypted-media; gyroscope; picture-in-picture; web-share\" referrerpolicy=\"strict-origin-when-cross-origin\" allowfullscreen><\/iframe>\n<\/div><\/figure>","protected":false},"excerpt":{"rendered":"<p>Un a\u00f1o mas y desde el a\u00f1o 2003, Cecilio ha estado presente sin interrupci\u00f3n en la feria FIMAP EXPONOR de Oporto, Portugal. En esta ocasi\u00f3n, al igual que la feria pasada feria de Valencia MADERALIA 2024, hemos presentado nuestra l\u00ednea de m\u00e1quinas KDT, especializada en el sector del mobiliario, como miembros del Grupo KDT. Una [&hellip;]<\/p>\n","protected":false},"author":1,"featured_media":4235,"comment_status":"open","ping_status":"open","sticky":false,"template":"","format":"standard","meta":{"_acf_changed":false,"footnotes":""},"categories":[1],"tags":[],"class_list":["post-4231","post","type-post","status-publish","format-standard","has-post-thumbnail","hentry","category-noticia"],"acf":[],"_links":{"self":[{"href":"https:\/\/kdtiberica.com\/fr\/wp-json\/wp\/v2\/posts\/4231","targetHints":{"allow":["GET"]}}],"collection":[{"href":"https:\/\/kdtiberica.com\/fr\/wp-json\/wp\/v2\/posts"}],"about":[{"href":"https:\/\/kdtiberica.com\/fr\/wp-json\/wp\/v2\/types\/post"}],"author":[{"embeddable":true,"href":"https:\/\/kdtiberica.com\/fr\/wp-json\/wp\/v2\/users\/1"}],"replies":[{"embeddable":true,"href":"https:\/\/kdtiberica.com\/fr\/wp-json\/wp\/v2\/comments?post=4231"}],"version-history":[{"count":3,"href":"https:\/\/kdtiberica.com\/fr\/wp-json\/wp\/v2\/posts\/4231\/revisions"}],"predecessor-version":[{"id":4237,"href":"https:\/\/kdtiberica.com\/fr\/wp-json\/wp\/v2\/posts\/4231\/revisions\/4237"}],"wp:featuredmedia":[{"embeddable":true,"href":"https:\/\/kdtiberica.com\/fr\/wp-json\/wp\/v2\/media\/4235"}],"wp:attachment":[{"href":"https:\/\/kdtiberica.com\/fr\/wp-json\/wp\/v2\/media?parent=4231"}],"wp:term":[{"taxonomy":"category","embeddable":true,"href":"https:\/\/kdtiberica.com\/fr\/wp-json\/wp\/v2\/categories?post=4231"},{"taxonomy":"post_tag","embeddable":true,"href":"https:\/\/kdtiberica.com\/fr\/wp-json\/wp\/v2\/tags?post=4231"}],"curies":[{"name":"wp","href":"https:\/\/api.w.org\/{rel}","templated":true}]}}