{"id":4271,"date":"2025-02-24T12:21:03","date_gmt":"2025-02-24T12:21:03","guid":{"rendered":"https:\/\/kdtiberica.com\/?p=4271"},"modified":"2025-02-24T12:22:25","modified_gmt":"2025-02-24T12:22:25","slug":"kdt-iberica-en-fimap-exponor","status":"publish","type":"post","link":"https:\/\/kdtiberica.com\/fr\/kdt-iberica-en-fimap-exponor\/","title":{"rendered":"KDT Ib\u00e9rica au FIMAP-EXPONOR"},"content":{"rendered":"<p>Cette ann\u00e9e, KDT Ib\u00e9rica sera pr\u00e9sent pour la premi\u00e8re fois \u00e0 la foire de Porto (FIMAP-EXPONOR) et c'est pour cette raison que nous avons pr\u00e9par\u00e9 une s\u00e9rie de machines tr\u00e8s sp\u00e9ciales qui feront sans aucun doute la diff\u00e9rence.<br>Le stand sera grand et vous pourrez voir un peu de tout le travail qui est habituellement effectu\u00e9 chaque jour dans les menuiseries et les ateliers.<br>Pour vous mettre la puce \u00e0 l'oreille, voici un petit spoiler pour vous permettre de visualiser et vous inciter \u00e0 nous rendre visite : des encolleuses \u00e0 grande vitesse, des perceuses CNC (oui, oui, au pluriel), un nouveau mod\u00e8le de perceuse, un centre d'usinage...<\/p>\n\n\n\n<p>Et c'est tout ce que l'on peut lire !<br>Venez nous rendre visite&nbsp;<strong>du 24 au 26 octobre dans le hall 2 stand A10<\/strong>&nbsp;et d\u00e9couvrez nos machines. Nous ferons des tests pour que vous puissiez \u00e9galement les voir \u00e0 l'\u0153uvre.<\/p>\n\n\n\n<figure class=\"wp-block-image size-large\"><img fetchpriority=\"high\" decoding=\"async\" width=\"1024\" height=\"768\" src=\"https:\/\/kdtiberica.com\/wp-content\/uploads\/2025\/02\/image-16-1024x768.png\" alt=\"\" class=\"wp-image-4272\" srcset=\"https:\/\/kdtiberica.com\/wp-content\/uploads\/2025\/02\/image-16-1024x768.png 1024w, https:\/\/kdtiberica.com\/wp-content\/uploads\/2025\/02\/image-16-300x225.png 300w, https:\/\/kdtiberica.com\/wp-content\/uploads\/2025\/02\/image-16-768x576.png 768w, https:\/\/kdtiberica.com\/wp-content\/uploads\/2025\/02\/image-16-1536x1152.png 1536w, https:\/\/kdtiberica.com\/wp-content\/uploads\/2025\/02\/image-16.png 2016w\" sizes=\"(max-width: 1024px) 100vw, 1024px\" \/><\/figure>","protected":false},"excerpt":{"rendered":"<p>Este a\u00f1o ser\u00e1 la primera vez que KDT Ib\u00e9rica tenga presencia en la feria de Oporto (FIMAP-EXPONOR) y por esta misma raz\u00f3n hemos preparado una serie de m\u00e1quinas muy especiales y que sin duda marcar\u00e1n una gran diferencia.El stand ser\u00e1 amplio y podr\u00e1n verse un poco de todos los trabajos que se suelen realizar cada [&hellip;]<\/p>\n","protected":false},"author":1,"featured_media":4274,"comment_status":"open","ping_status":"open","sticky":false,"template":"","format":"standard","meta":{"_acf_changed":false,"footnotes":""},"categories":[1],"tags":[],"class_list":["post-4271","post","type-post","status-publish","format-standard","has-post-thumbnail","hentry","category-noticia"],"acf":[],"_links":{"self":[{"href":"https:\/\/kdtiberica.com\/fr\/wp-json\/wp\/v2\/posts\/4271","targetHints":{"allow":["GET"]}}],"collection":[{"href":"https:\/\/kdtiberica.com\/fr\/wp-json\/wp\/v2\/posts"}],"about":[{"href":"https:\/\/kdtiberica.com\/fr\/wp-json\/wp\/v2\/types\/post"}],"author":[{"embeddable":true,"href":"https:\/\/kdtiberica.com\/fr\/wp-json\/wp\/v2\/users\/1"}],"replies":[{"embeddable":true,"href":"https:\/\/kdtiberica.com\/fr\/wp-json\/wp\/v2\/comments?post=4271"}],"version-history":[{"count":1,"href":"https:\/\/kdtiberica.com\/fr\/wp-json\/wp\/v2\/posts\/4271\/revisions"}],"predecessor-version":[{"id":4273,"href":"https:\/\/kdtiberica.com\/fr\/wp-json\/wp\/v2\/posts\/4271\/revisions\/4273"}],"wp:featuredmedia":[{"embeddable":true,"href":"https:\/\/kdtiberica.com\/fr\/wp-json\/wp\/v2\/media\/4274"}],"wp:attachment":[{"href":"https:\/\/kdtiberica.com\/fr\/wp-json\/wp\/v2\/media?parent=4271"}],"wp:term":[{"taxonomy":"category","embeddable":true,"href":"https:\/\/kdtiberica.com\/fr\/wp-json\/wp\/v2\/categories?post=4271"},{"taxonomy":"post_tag","embeddable":true,"href":"https:\/\/kdtiberica.com\/fr\/wp-json\/wp\/v2\/tags?post=4271"}],"curies":[{"name":"wp","href":"https:\/\/api.w.org\/{rel}","templated":true}]}}