{"id":335,"date":"2025-02-17T19:17:44","date_gmt":"2025-02-17T19:17:44","guid":{"rendered":"https:\/\/kdtiberica.com\/?p=335"},"modified":"2025-02-21T18:07:49","modified_gmt":"2025-02-21T18:07:49","slug":"kdt-iberica-o-inicio-de-uma-nova-era","status":"publish","type":"post","link":"https:\/\/kdtiberica.com\/pt\/kdt-iberica-o-inicio-de-uma-nova-era\/","title":{"rendered":"KDT Ib\u00e9rica: O in\u00edcio de uma nova era"},"content":{"rendered":"<h3 class=\"wp-block-heading\">Nova empresa do grupo comercial CECILIO<\/h3>\n\n\n\n<p>Durante a feira FIMMA + Maderalia, que se realizou recentemente em Val\u00eancia, um dos an\u00fancios mais marcantes foi o da&nbsp;<strong>apresenta\u00e7\u00e3o de&nbsp;<a href=\"https:\/\/kdtiberica.com\/\">KDT Ib\u00e9rica<\/a><\/strong>a&nbsp;<strong>nova empresa do grupo comercial Cecilio<\/strong>. Esta revela\u00e7\u00e3o gerou um grande entusiasmo no sector.<\/p>\n\n\n\n<p><strong>O que \u00e9 a KDT Ib\u00e9rica?<\/strong><\/p>\n\n\n\n<p><em>\"A KDT Ib\u00e9rica representa o fruto de muitos anos de esfor\u00e7o e dedica\u00e7\u00e3o, consolidados gra\u00e7as \u00e0 confian\u00e7a depositada nas nossas m\u00e1quinas por milhares de clientes em Espanha e Portugal\".<\/em>. Num mercado inicialmente reticente \u00e0s m\u00e1quinas asi\u00e1ticas, o grupo de empresas C. Cecilio conseguiu introduzir com sucesso a marca KDT. F\u00ea-lo atrav\u00e9s de uma variedade de modelos e tipos de m\u00e1quinas, todas elas com aprova\u00e7\u00e3o CE, o que proporcionou seguran\u00e7a e confian\u00e7a aos seus clientes. Com pre\u00e7os competitivos e sem comprometer a qualidade, a KDT procurou oferecer a melhor solu\u00e7\u00e3o tanto aos carpinteiros como aos grandes fabricantes de mobili\u00e1rio, seguindo o lema&nbsp;<em>\"qualidade de topo, a pre\u00e7os acess\u00edveis para o cliente\".<\/em><\/p>\n\n\n\n<p>Atualmente, de acordo com C. Cecilio,&nbsp;<em>\"A KDT n\u00e3o \u00e9 apenas uma excelente f\u00e1brica de m\u00e1quinas. \u00c9 a maior f\u00e1brica do mundo para a produ\u00e7\u00e3o totalmente automatizada das suas m\u00e1quinas, desde a conce\u00e7\u00e3o \u00e0 engenharia e a todos os pormenores t\u00e9cnicos. Tudo \u00e9 desenvolvido pela equipa da KDT, que det\u00e9m in\u00fameras patentes e \u00e9 amplamente reconhecida pela sua inova\u00e7\u00e3o cont\u00ednua\".<\/em><\/p>\n\n\n\n<figure class=\"wp-block-image\"><img decoding=\"async\" src=\"https:\/\/kdtiberica.com\/sites\/default\/files\/inline-images\/KDT_Sede-central-y-fabrica-de-CNC-920x518.png\" alt=\"kdt iberica\"\/><\/figure>\n\n\n\n<p><em>\"Gra\u00e7as a este percurso \u00e1rduo, a KDT posicionou-se como sin\u00f3nimo de qualidade, excel\u00eancia, garantia e seguran\u00e7a. \u00c9 l\u00edder no sector das m\u00e1quinas industriais para o fabrico de mobili\u00e1rio\".<\/em>&nbsp;De seguida, questionamos os respons\u00e1veis da Comercial Cecilio sobre este importante passo em frente, apresentado e oficializado na FIMMA + Maderalia 2024:<\/p>\n\n\n\n<p><strong>Porqu\u00ea agora?<\/strong><\/p>\n\n\n\n<p>A KDT Ib\u00e9rica, empresa associada ao grande grupo KDT, especializada em m\u00e1quinas para a ind\u00fastria do mobili\u00e1rio, foi fundada em 2024. Esta apresenta\u00e7\u00e3o surge numa altura de m\u00e1xima confian\u00e7a, em que a resist\u00eancia, precis\u00e3o e capacidade de produ\u00e7\u00e3o das m\u00e1quinas KDT est\u00e3o indiscutivelmente comprovadas, garantindo acabamentos perfeitos.<\/p>\n\n\n\n<p>A KDT Ib\u00e9rica foi criada para continuar o caminho da inova\u00e7\u00e3o e da melhoria, optimizando as f\u00e1bricas e os processos de produ\u00e7\u00e3o, modernizando e facilitando o acesso de todas as empresas \u00e0 nova era da Ind\u00fastria 4.0.<\/p>\n\n\n\n<p><strong>Compromisso e futuro<\/strong><\/p>\n\n\n\n<p>Levantar a cortina e mostrar a for\u00e7a e o empenho da equipa KDT tem sido emocionante. Todos os dias, continuamos a esfor\u00e7ar-nos para dar a melhor resposta a qualquer desafio que nos surja. O nosso objetivo \u00e9 claro: ajudar as empresas a conseguir uma produ\u00e7\u00e3o mais eficiente, a poupar tempo e dinheiro e a maximizar o potencial dos seus recursos, adaptando-nos sempre \u00e0s suas necessidades espec\u00edficas.<\/p>\n\n\n\n<p>A KDT Ib\u00e9rica \u00e9 o parceiro ideal para todas as empresas que procuram melhorar e otimizar a sua produ\u00e7\u00e3o no sector do mobili\u00e1rio, garantindo sempre a m\u00e1xima qualidade e efici\u00eancia.<\/p>\n\n\n\n<figure class=\"wp-block-embed is-type-video is-provider-youtube wp-block-embed-youtube wp-embed-aspect-16-9 wp-has-aspect-ratio\"><div class=\"wp-block-embed__wrapper\">\n<iframe title=\"Apresenta\u00e7\u00e3o do Teaser KDT\" width=\"800\" height=\"450\" src=\"https:\/\/www.youtube.com\/embed\/OY-tpkMVUN0?feature=oembed\" frameborder=\"0\" allow=\"accelerometer; autoplay; clipboard-write; encrypted-media; gyroscope; picture-in-picture; web-share\" referrerpolicy=\"strict-origin-when-cross-origin\" allowfullscreen><\/iframe>\n<\/div><\/figure>\n\n\n\n<h5 class=\"wp-block-heading\">Fonte: https:\/\/madera-sostenible.com\/<br><strong>Autor: Juanma Miranda<\/strong><\/h5>","protected":false},"excerpt":{"rendered":"<p>Durante a feira FIMMA + Maderalia, que se realizou recentemente em Val\u00eancia, um dos an\u00fancios mais destacados foi a apresenta\u00e7\u00e3o da KDT Ib\u00e9rica, a nova empresa do grupo comercial Cecilio. Esta revela\u00e7\u00e3o gerou grande entusiasmo no sector.<\/p>","protected":false},"author":1,"featured_media":3637,"comment_status":"open","ping_status":"open","sticky":false,"template":"","format":"standard","meta":{"_acf_changed":false,"footnotes":""},"categories":[1],"tags":[],"class_list":["post-335","post","type-post","status-publish","format-standard","has-post-thumbnail","hentry","category-noticia"],"acf":[],"_links":{"self":[{"href":"https:\/\/kdtiberica.com\/pt\/wp-json\/wp\/v2\/posts\/335","targetHints":{"allow":["GET"]}}],"collection":[{"href":"https:\/\/kdtiberica.com\/pt\/wp-json\/wp\/v2\/posts"}],"about":[{"href":"https:\/\/kdtiberica.com\/pt\/wp-json\/wp\/v2\/types\/post"}],"author":[{"embeddable":true,"href":"https:\/\/kdtiberica.com\/pt\/wp-json\/wp\/v2\/users\/1"}],"replies":[{"embeddable":true,"href":"https:\/\/kdtiberica.com\/pt\/wp-json\/wp\/v2\/comments?post=335"}],"version-history":[{"count":2,"href":"https:\/\/kdtiberica.com\/pt\/wp-json\/wp\/v2\/posts\/335\/revisions"}],"predecessor-version":[{"id":367,"href":"https:\/\/kdtiberica.com\/pt\/wp-json\/wp\/v2\/posts\/335\/revisions\/367"}],"wp:featuredmedia":[{"embeddable":true,"href":"https:\/\/kdtiberica.com\/pt\/wp-json\/wp\/v2\/media\/3637"}],"wp:attachment":[{"href":"https:\/\/kdtiberica.com\/pt\/wp-json\/wp\/v2\/media?parent=335"}],"wp:term":[{"taxonomy":"category","embeddable":true,"href":"https:\/\/kdtiberica.com\/pt\/wp-json\/wp\/v2\/categories?post=335"},{"taxonomy":"post_tag","embeddable":true,"href":"https:\/\/kdtiberica.com\/pt\/wp-json\/wp\/v2\/tags?post=335"}],"curies":[{"name":"wp","href":"https:\/\/api.w.org\/{rel}","templated":true}]}}