{"id":4231,"date":"2025-02-24T11:59:17","date_gmt":"2025-02-24T11:59:17","guid":{"rendered":"https:\/\/kdtiberica.com\/?p=4231"},"modified":"2025-02-24T12:15:08","modified_gmt":"2025-02-24T12:15:08","slug":"fimap-exponor-2024","status":"publish","type":"post","link":"https:\/\/kdtiberica.com\/pt\/fimap-exponor-2024\/","title":{"rendered":"FIMAP EXPONOR 2024"},"content":{"rendered":"<p>Mais um ano e desde 2003, Cecilio est\u00e1 presente ininterruptamente na feira FIMAP EXPONOR no Porto, Portugal.<\/p>\n\n\n\n<p>Nesta ocasi\u00e3o, tal como fizemos na \u00faltima feira MADERALIA 2024 em Val\u00eancia, apresent\u00e1mos a nossa linha de m\u00e1quinas KDT, especializadas no sector do mobili\u00e1rio, como membros do Grupo KDT. Uma amostra dos modelos mais vendidos e algumas das novidades da prestigiada f\u00e1brica de m\u00e1quinas para trabalhar madeira KDT, atualmente n\u00famero 1 no mundo.<\/p>\n\n\n\n<p>Com um stand de 500m\u00b2 e mais de 30 m\u00e1quinas em exposi\u00e7\u00e3o, a aflu\u00eancia durante os 3 dias do evento foi magn\u00edfica e os produtos KDT foram oferecidos a clientes de todo o pa\u00eds, Angola e norte de Espanha.<\/p>\n\n\n\n<p>A nossa equipa oficial de vendas e servi\u00e7os em Portugal cumpriu todas as expectativas dos nossos visitantes sobre as m\u00e1quinas KDT.<\/p>\n\n\n\n<p>Vamos l\u00e1!<\/p>\n\n\n\n<figure class=\"wp-block-embed is-type-video is-provider-youtube wp-block-embed-youtube wp-embed-aspect-16-9 wp-has-aspect-ratio\" style=\"margin-top:0;margin-right:0;margin-bottom:0;margin-left:0\"><div class=\"wp-block-embed__wrapper\">\n<iframe title=\"FIMAP 2024\" width=\"800\" height=\"450\" src=\"https:\/\/www.youtube.com\/embed\/PLvayhAhzHs?feature=oembed\" frameborder=\"0\" allow=\"accelerometer; autoplay; clipboard-write; encrypted-media; gyroscope; picture-in-picture; web-share\" referrerpolicy=\"strict-origin-when-cross-origin\" allowfullscreen><\/iframe>\n<\/div><\/figure>","protected":false},"excerpt":{"rendered":"<p>Un a\u00f1o mas y desde el a\u00f1o 2003, Cecilio ha estado presente sin interrupci\u00f3n en la feria FIMAP EXPONOR de Oporto, Portugal. En esta ocasi\u00f3n, al igual que la feria pasada feria de Valencia MADERALIA 2024, hemos presentado nuestra l\u00ednea de m\u00e1quinas KDT, especializada en el sector del mobiliario, como miembros del Grupo KDT. Una [&hellip;]<\/p>\n","protected":false},"author":1,"featured_media":4235,"comment_status":"open","ping_status":"open","sticky":false,"template":"","format":"standard","meta":{"_acf_changed":false,"footnotes":""},"categories":[1],"tags":[],"class_list":["post-4231","post","type-post","status-publish","format-standard","has-post-thumbnail","hentry","category-noticia"],"acf":[],"_links":{"self":[{"href":"https:\/\/kdtiberica.com\/pt\/wp-json\/wp\/v2\/posts\/4231","targetHints":{"allow":["GET"]}}],"collection":[{"href":"https:\/\/kdtiberica.com\/pt\/wp-json\/wp\/v2\/posts"}],"about":[{"href":"https:\/\/kdtiberica.com\/pt\/wp-json\/wp\/v2\/types\/post"}],"author":[{"embeddable":true,"href":"https:\/\/kdtiberica.com\/pt\/wp-json\/wp\/v2\/users\/1"}],"replies":[{"embeddable":true,"href":"https:\/\/kdtiberica.com\/pt\/wp-json\/wp\/v2\/comments?post=4231"}],"version-history":[{"count":3,"href":"https:\/\/kdtiberica.com\/pt\/wp-json\/wp\/v2\/posts\/4231\/revisions"}],"predecessor-version":[{"id":4237,"href":"https:\/\/kdtiberica.com\/pt\/wp-json\/wp\/v2\/posts\/4231\/revisions\/4237"}],"wp:featuredmedia":[{"embeddable":true,"href":"https:\/\/kdtiberica.com\/pt\/wp-json\/wp\/v2\/media\/4235"}],"wp:attachment":[{"href":"https:\/\/kdtiberica.com\/pt\/wp-json\/wp\/v2\/media?parent=4231"}],"wp:term":[{"taxonomy":"category","embeddable":true,"href":"https:\/\/kdtiberica.com\/pt\/wp-json\/wp\/v2\/categories?post=4231"},{"taxonomy":"post_tag","embeddable":true,"href":"https:\/\/kdtiberica.com\/pt\/wp-json\/wp\/v2\/tags?post=4231"}],"curies":[{"name":"wp","href":"https:\/\/api.w.org\/{rel}","templated":true}]}}